{"id":930,"date":"2025-05-15T10:09:48","date_gmt":"2025-05-15T08:09:48","guid":{"rendered":"https:\/\/usato.it\/notizie\/?p=930"},"modified":"2025-05-15T10:09:48","modified_gmt":"2025-05-15T08:09:48","slug":"porta-bici-per-auto-quale-modello-scegliere-per-le-tue-avventure","status":"publish","type":"post","link":"https:\/\/usato.it\/notizie\/2025\/05\/15\/porta-bici-per-auto-quale-modello-scegliere-per-le-tue-avventure\/","title":{"rendered":"Porta bici per auto: quale modello scegliere per le tue avventure"},"content":{"rendered":"\n<p>Se sei un appassionato di ciclismo e desideri portare la tua bici con te durante i viaggi, scegliere il giusto porta bici per auto \u00e8 fondamentale. Esistono diverse tipologie di porta bici, ognuna con caratteristiche specifiche:<\/p>\n\n\n\n<ul class=\"wp-block-list\">\n<li><strong>Porta bici da tetto<\/strong>: si montano sulle barre porta tutto e sono ideali per trasportare una o pi\u00f9 biciclette senza ostruire l&#8217;accesso al bagagliaio.<\/li>\n\n\n\n<li><strong>Porta bici da portellone posteriore<\/strong>: si fissano al retro dell&#8217;auto e sono facili da installare e rimuovere.<\/li>\n\n\n\n<li><strong>Porta bici da gancio traino<\/strong>: offrono una maggiore stabilit\u00e0 e capacit\u00e0 di carico, adatti per trasportare pi\u00f9 biciclette contemporaneamente.<\/li>\n<\/ul>\n\n\n\n<p>La scelta del porta bici dipende dal tipo di auto, dal numero di biciclette da trasportare e dalla frequenza di utilizzo.<\/p>\n\n\n\n<h2 class=\"wp-block-heading\">Auto compatibili con porta bici disponibili su Usato.it<\/h2>\n\n\n\n<p>Su <a href=\"https:\/\/usato.it\/\">Usato.it<\/a>, puoi trovare una vasta selezione di auto usate compatibili con diversi modelli di porta bici. Ecco alcune proposte:<\/p>\n\n\n\n<ul class=\"wp-block-list\">\n<li><strong><a href=\"https:\/\/usato.it\/annunci?q=Volkswagen+Tiguan+Allspace\">Volkswagen Tiguan Allspace<\/a><\/strong>: un SUV spazioso con la possibilit\u00e0 di montare porta bici da gancio traino o da tetto, ideale per le famiglie sportive.<\/li>\n\n\n\n<li><strong>Hyundai Tucson<\/strong>: SUV ibrido con ampio bagagliaio, compatibile con porta bici posteriori e da tetto.<\/li>\n\n\n\n<li><strong><a href=\"https:\/\/usato.it\/annunci?q=Dacia+Jogger\">Dacia Jogger<\/a><\/strong>: monovolume a 7 posti con spazio sufficiente per installare porta bici da portellone posteriore.<\/li>\n\n\n\n<li><strong>Renault Kangoo<\/strong>: veicolo versatile con ampio spazio interno, adatto per porta bici da gancio traino o da tetto.<\/li>\n\n\n\n<li><strong><a href=\"https:\/\/usato.it\/annunci?q=Citro%C3%ABn+Berlingo\">Citro\u00ebn Berlingo<\/a><\/strong>: auto multifunzionale con la possibilit\u00e0 di montare porta bici da portellone o da tetto.<\/li>\n<\/ul>\n\n\n\n<p>Questi modelli offrono la flessibilit\u00e0 necessaria per trasportare le tue biciclette in modo sicuro e pratico.<\/p>\n\n\n\n<h2 class=\"wp-block-heading\">Dove andare in bici: mete ideali per ogni ciclista<\/h2>\n\n\n\n<p>Una volta scelto il porta bici per auto ideale, non resta che programmare la prossima uscita in sella. Ecco alcune destinazioni perfette per esplorare l\u2019Italia su due ruote:<\/p>\n\n\n\n<ul class=\"wp-block-list\">\n<li><strong>Ciclabile del Mincio (Lombardia \u2013 Veneto)<\/strong>: un percorso pianeggiante e rilassante che collega Peschiera del Garda a Mantova, perfetto per famiglie e cicloturisti.<\/li>\n\n\n\n<li><strong>Dolomiti in bici<\/strong>: per i pi\u00f9 allenati, i passi alpini come il Pordoi o lo Stelvio offrono panorami mozzafiato e salite leggendarie.<\/li>\n\n\n\n<li><strong>Val di Fiemme e Val di Fassa<\/strong>: due valli trentine collegate da una ciclabile lunga oltre 40 km, immersa nei boschi e adatta anche ai bambini.<\/li>\n\n\n\n<li><strong>Salento Coast to Coast (Puglia)<\/strong>: pedalare lungo la litoranea da Gallipoli a Otranto significa unire mare, cultura e gastronomia locale in un unico viaggio.<\/li>\n\n\n\n<li><strong>Via Francigena in Toscana<\/strong>: un itinerario storico tra borghi medievali, colline e vigneti, perfetto per chi ama unire sport e scoperta del territorio.<\/li>\n<\/ul>\n\n\n\n<h2 class=\"wp-block-heading\">Conclusione<\/h2>\n\n\n\n<p>Scegliere il porta bici per auto pi\u00f9 adatto alle tue esigenze ti permetter\u00e0 di vivere al meglio le tue avventure su due ruote. Considera il tipo di auto, il numero di biciclette da trasportare e la frequenza di utilizzo per fare la scelta giusta. Visita <a href=\"https:\/\/usato.it\/\">Usato.it<\/a> per trovare l&#8217;auto usata perfetta per le tue esigenze e iniziare subito le tue avventure ciclistiche!<\/p>\n\n\n\n<p><\/p>\n","protected":false},"excerpt":{"rendered":"<p>Se sei un appassionato di ciclismo e desideri portare la tua bici con te durante i viaggi, scegliere il giusto porta bici per auto \u00e8 fondamentale. Esistono diverse tipologie di porta bici, ognuna con caratteristiche specifiche: La scelta del porta bici dipende dal tipo di auto, dal numero di biciclette da trasportare e dalla frequenza [&hellip;]<\/p>\n","protected":false},"author":1,"featured_media":931,"comment_status":"open","ping_status":"open","sticky":false,"template":"","format":"standard","meta":{"rank_math_title":"","rank_math_description":"","rank_math_focus_keyword":"","rank_math_canonical_url":"","rank_math_robots":[],"footnotes":""},"categories":[25],"tags":[],"class_list":["post-930","post","type-post","status-publish","format-standard","has-post-thumbnail","hentry","category-sport-e-hobby"],"blocksy_meta":{"page_structure_type":"type-1","styles_descriptor":{"styles":{"desktop":"","tablet":"","mobile":""},"google_fonts":[],"version":6}},"_links":{"self":[{"href":"https:\/\/usato.it\/notizie\/wp-json\/wp\/v2\/posts\/930","targetHints":{"allow":["GET"]}}],"collection":[{"href":"https:\/\/usato.it\/notizie\/wp-json\/wp\/v2\/posts"}],"about":[{"href":"https:\/\/usato.it\/notizie\/wp-json\/wp\/v2\/types\/post"}],"author":[{"embeddable":true,"href":"https:\/\/usato.it\/notizie\/wp-json\/wp\/v2\/users\/1"}],"replies":[{"embeddable":true,"href":"https:\/\/usato.it\/notizie\/wp-json\/wp\/v2\/comments?post=930"}],"version-history":[{"count":1,"href":"https:\/\/usato.it\/notizie\/wp-json\/wp\/v2\/posts\/930\/revisions"}],"predecessor-version":[{"id":932,"href":"https:\/\/usato.it\/notizie\/wp-json\/wp\/v2\/posts\/930\/revisions\/932"}],"wp:featuredmedia":[{"embeddable":true,"href":"https:\/\/usato.it\/notizie\/wp-json\/wp\/v2\/media\/931"}],"wp:attachment":[{"href":"https:\/\/usato.it\/notizie\/wp-json\/wp\/v2\/media?parent=930"}],"wp:term":[{"taxonomy":"category","embeddable":true,"href":"https:\/\/usato.it\/notizie\/wp-json\/wp\/v2\/categories?post=930"},{"taxonomy":"post_tag","embeddable":true,"href":"https:\/\/usato.it\/notizie\/wp-json\/wp\/v2\/tags?post=930"}],"curies":[{"name":"wp","href":"https:\/\/api.w.org\/{rel}","templated":true}]}}